{"id":31,"date":"2021-12-27T18:44:52","date_gmt":"2021-12-27T18:44:52","guid":{"rendered":"https:\/\/www.martiandmontessori.hu\/?p=31"},"modified":"2021-12-27T18:44:54","modified_gmt":"2021-12-27T18:44:54","slug":"ki-volt-maria-montessori","status":"publish","type":"post","link":"https:\/\/www.martiandmontessori.hu\/?p=31","title":{"rendered":"Ki volt Maria Montessori?"},"content":{"rendered":"\n<pre class=\"wp-block-preformatted has-normal-font-size\"><strong>A kezdetek\n<\/strong>\nMaria Montessori 1870-ben szu\u0308letett Olaszorsza\u0301gban, az Ancona melletti Chiaravele ko\u0308zse\u0301gben. Tanulma\u0301nyait nem hagyoma\u0301nyos gimna\u0301ziumban, hanem rea\u0301lko\u0308ze\u0301piskola\u0301ban folytatta. Itt mu\u030bszaki ismereteket szerzett e\u0301s a terme\u0301szettudoma\u0301nyok tere\u0301n is me\u0301lyebben bo\u030bvi\u0301thette tuda\u0301sa\u0301t. Ezuta\u0301n elve\u0301gezte a mu\u030bszaki fo\u030biskola\u0301t, ke\u0301so\u030bbb pedig felve\u0301telizett a Ro\u0301mai Egyetem orvosi kara\u0301ra. Kezdetben csak terme\u0301szettudoma\u0301nyos ta\u0301rgyakat tanulhatott. 1892-ben viszont sikeru\u0308lt beiratkoznia az egyetem orvosi fakulta\u0301zsa\u0301ra.<\/pre>\n\n\n\n<pre class=\"wp-block-preformatted has-normal-font-size\">Maria Montessori a feminista mozgalom e\u0301lharcosa\u0301va\u0301 va\u0301lt. Olaszorsza\u0301gban o\u030b lett az elso\u030b no\u030bi orvos. 1896-ban szerezte meg orvosi diploma\u0301ja\u0301t.\n\n\n<strong>Montessori \u00e9rtelmi fogyat\u00e9kos gyerekekkel kezd foglalkozni<\/strong><\/pre>\n\n\n\n<pre class=\"wp-block-preformatted has-normal-font-size\">Fiatal orvoske\u0301nt gyermekidegoszta\u0301lyon dolgozott. Munka\u0301ja sora\u0301n ra\u0301jo\u0308tt, hogy az e\u0301rtelmi fogyate\u0301kosoknak nem csupa\u0301n orvosi, gyo\u0301gyszeres kezele\u0301sre van szu\u0308kse\u0301gu\u0308k. U\u0301gy ve\u0301lte legto\u0308bb esetben nincs is szu\u0308kse\u0301g gyo\u0301gyszeres kezele\u0301sre, hanem megfelelo\u030b pedago\u0301giai mo\u0301dszerrel, nevele\u0301ssel is lehet segi\u0301teni ezeknek a gyerekeknek. Elkezdett kutatni a te\u0301ma\u0301ban. Kutata\u0301sait ke\u0301t olasz orvos \u2013Itard e\u0301s Se\u0301guin- kora\u0301bbi kutata\u0301saira alapozta. Az o\u030b eszko\u0308zeiket e\u0301s mo\u0301dszereiket fejlesztette tova\u0301bb. Ce\u0301lja egy az e\u0301rtelmi fogyate\u0301kosok sza\u0301ma\u0301ra alkalmas pedago\u0301gia kialaki\u0301ta\u0301sa volt.\n\n\n<strong>M\u0171k\u00f6dhet a m\u00f3dszer eg\u00e9szs\u00e9ges gyerekekn\u00e9l is?<\/strong><\/pre>\n\n\n\n<pre class=\"wp-block-preformatted has-normal-font-size\">Miuta\u0301n mo\u0301dszereit alkalmazva sikereket e\u0301rt el az e\u0301rtelmi fogyate\u0301kos gyerekekne\u0301l. Mo\u0301dszere\u0301t a\u0301tdolgozta e\u0301s ege\u0301szse\u0301ges gyerekekne\u0301l is alkalmazni kezdte.\n\nRo\u0301ma egy u\u0301j munka\u0301snegyede\u0301ben, 1907-ben nyitotta meg elso\u030b inte\u0301zme\u0301nye\u0301t a Casa dei Bambinit\/ Gyermekek ha\u0301za\u0301t. Ebbe az inte\u0301zme\u0301nybe 3-7 e\u0301ves koru\u0301 gyermekek ja\u0301rtak. Ro\u0308videsen to\u0308bb hasonlo\u0301 inte\u0301zme\u0301ny nyitotta meg kapuit. 1909-ben ma\u0301r tanfolyamot is tartott saja\u0301t inte\u0301zme\u0301nyeinek nevelo\u030bi sza\u0301ma\u0301ra. Szinte\u0301n ebben az e\u0301vben jelent meg elso\u030b ko\u0308nyve e\u0301s nyi\u0301lt meg elso\u030b haza\u0301ja\u0301n ki\u0301vu\u0308li inte\u0301zme\u0301nye Sva\u0301jcban. 1917-ben publika\u0301lta a 6-12 e\u0301ves gyerekekre is tova\u0301bbfejlesztett mo\u0301dszere\u0301t, melyet ke\u0301so\u030bbb to\u0308bb nyelvre lefordi\u0301tottak.\n\n<strong>Montessori nevel\u00e9si elvei gyorsan terjednek a vil\u00e1gban\n<\/strong>\n1912 uta\u0301n Olaszorsza\u0301g hata\u0301rain is tu\u0301ljutottak Montessori nevele\u0301si elvei e\u0301s futo\u0301tu\u030bzke\u0301nt terjedtek el a vila\u0301gban. Sva\u0301jc, Anglia, Spanyolorsza\u0301g, Belgium, Ausztria e\u0301s Ne\u0301metorsza\u0301g ku\u0308lo\u0308no\u0308s figyelemmel fordultak a mo\u0301dszer fele\u0301.<\/pre>\n\n\n\n<pre class=\"wp-block-preformatted has-normal-font-size\">A \u201930-as e\u0301vek eleje\u0301n Mussolini e\u0301s a fasiszta korma\u0301ny egyo\u0308ntetu\u030ben ta\u0301mogatta Montessorit. Ne\u0301ha\u0301ny e\u0301vvel ke\u0301so\u030bbb azonban a korma\u0301ny radika\u0301lisan le\u0301pett fel a mo\u0301dszer ellen, mert az ero\u030bs ellente\u0301tben a\u0301llt a fasiszta ne\u0301zetekkel. 1933-ban megszu\u0308ntette\u0301k Montessori inte\u0301zme\u0301nyeit e\u0301s ele\u0301gette\u0301k munka\u0301it. Olaszorsza\u0301gban e\u0301s Spanyolorsza\u0301gban is hasonlo\u0301an ja\u0301rtak el ke\u0301so\u030bbb.<\/pre>\n\n\n\n<pre class=\"wp-block-preformatted has-normal-font-size\">Montessori 1936-ban Hollandia\u0301ba emigra\u0301lt a ha\u0301boru\u0301 elo\u030bl. 1936-ban Oxfordban Nemzetko\u0308zi Montessori Kongresszust tart. Itt besze\u0301lt elo\u030bszo\u0308r a ko\u0308ze\u0301piskola reformja\u0301nak fontossa\u0301ga\u0301ro\u0301l. 1939-\u201945 ko\u0308zo\u0308tt India\u0301ban tarto\u0301zkodott. Itt sza\u0301mos tanfolyamot tartott e\u0301s itt jelent meg to\u0308bb jelento\u030bs ko\u0308nyve is. 1946-ban visszate\u0301r Euro\u0301pa\u0301ba e\u0301s Hollandia\u0301ban telepszik le. 1948-ban visszamegy India\u0301ba, ahol elso\u030bsorban az analfabetizmus felsza\u0301mola\u0301sa\u0301val e\u0301s a permanens nevele\u0301s fontossa\u0301ga\u0301val foglalkozik. 1949-ben pedig ve\u0301gleg visszate\u0301r Euro\u0301pa\u0301ba. San Remo\u0301ban ekkor tartja\u0301k a X. Nemzetko\u0308zi Montessori Kongresszust. Ezen a kongresszuson a be\u0301ke szempontja\u0301bo\u0301l emeli ki a gyermeknevele\u0301s fontossa\u0301ga\u0301t. \u201eNem valamife\u0301le politikai vagy ta\u0301rsadalmi meggyo\u030bzo\u030bde\u0301se\u0301rt kell a nevelo\u030bnek dolgoznia, hanem az ege\u0301sz emberise\u0301g szolga\u0301lata\u0301ban az egye\u0301n ke\u0301pes legyen o\u0308na\u0301llo\u0301 akaratra e\u0301s o\u0308na\u0301llo\u0301 do\u0308nte\u0301sre, amit nem befolya\u0301solhat elo\u030bi\u0301te\u0301let e\u0301s nem zavarhatja meg fe\u0301lelem.\u201d<\/pre>\n\n\n\n<figure class=\"wp-block-pullquote is-style-default\"><blockquote><p>&#8222;Nem valamif\u00e9le politikai vagy t\u00e1rsadalmi meggy\u0151z\u0151d\u00e9s\u00e9rt kell a nevel\u0151nek dolgoznia, hanem az eg\u00e9sz emberis\u00e9g szolg\u00e1lat\u00e1ban, hogy az egy\u00e9n k\u00e9pes legyen \u00f6n\u00e1ll\u00f3 akaratra \u00e9s \u00f6n\u00e1ll\u00f3 d\u00f6nt\u00e9sre, amit nem befoly\u00e1solhat el\u0151\u00edt\u00e9let \u00e9s nem zavarhatja meg f\u00e9lelem.&#8221;<\/p><p>\/Maria Montessori\/<\/p><\/blockquote><\/figure>\n\n\n\n<div class=\"wp-block-group\"><div class=\"wp-block-group__inner-container is-layout-flow wp-block-group-is-layout-flow\"><\/div><\/div>\n\n\n\n<pre class=\"wp-block-preformatted has-normal-font-size\">1951-ben 81 e\u0301vesen a\u0301ll utolja\u0301ra a nyilva\u0301nossa\u0301g ele\u0301 Londonban a Nemzetko\u0308zi Montessori Kongresszuson.\n\n<strong>Maria hal\u00e1la ut\u00e1n a pedag\u00f3gia tov\u00e1bb \u00e9l<\/strong><\/pre>\n\n\n\n<pre class=\"wp-block-preformatted has-normal-font-size\">Hala\u0301la uta\u0301n a ha\u0301zat, melyben utolja\u0301ra lakott Amszterdamban emle\u0301kha\u0301zza\u0301 e\u0301s az AMI (Association Montessori International) ko\u0308zpontja\u0301va\u0301 alaki\u0301totta\u0301k. Fia\u0301ra Mario Montessorira hagyta mu\u030bvei kiada\u0301sa\u0301nak joga\u0301t e\u0301s munka\u0301ja folytata\u0301sa\u0301t. Mario e\u0301lete ve\u0301ge\u0301ig az AMI elno\u0308ke volt, tova\u0301bb fejlesztette Montessori pedago\u0301gia\u0301ja\u0301t e\u0301s igyekezett mine\u0301l sze\u0301lesebb ko\u0308rben elterjeszteni azt.<\/pre>\n","protected":false},"excerpt":{"rendered":"<p>A kezdetek Maria Montessori 1870-ben szu\u0308letett Olaszorsza\u0301gban, az Ancona melletti Chiaravele ko\u0308zse\u0301gben. Tanulma\u0301nyait nem hagyoma\u0301nyos gimna\u0301ziumban, hanem rea\u0301lko\u0308ze\u0301piskola\u0301ban folytatta. Itt mu\u030bszaki ismereteket szerzett&hellip;<\/p>\n","protected":false},"author":1,"featured_media":35,"comment_status":"closed","ping_status":"open","sticky":false,"template":"","format":"standard","meta":{"footnotes":""},"categories":[4],"tags":[5,6],"class_list":["post-31","post","type-post","status-publish","format-standard","has-post-thumbnail","hentry","category-maria-montessori-elete-es-munkassaga","tag-maria-montessori-elete","tag-montessori-pedagogia"],"_links":{"self":[{"href":"https:\/\/www.martiandmontessori.hu\/index.php?rest_route=\/wp\/v2\/posts\/31","targetHints":{"allow":["GET"]}}],"collection":[{"href":"https:\/\/www.martiandmontessori.hu\/index.php?rest_route=\/wp\/v2\/posts"}],"about":[{"href":"https:\/\/www.martiandmontessori.hu\/index.php?rest_route=\/wp\/v2\/types\/post"}],"author":[{"embeddable":true,"href":"https:\/\/www.martiandmontessori.hu\/index.php?rest_route=\/wp\/v2\/users\/1"}],"replies":[{"embeddable":true,"href":"https:\/\/www.martiandmontessori.hu\/index.php?rest_route=%2Fwp%2Fv2%2Fcomments&post=31"}],"version-history":[{"count":7,"href":"https:\/\/www.martiandmontessori.hu\/index.php?rest_route=\/wp\/v2\/posts\/31\/revisions"}],"predecessor-version":[{"id":39,"href":"https:\/\/www.martiandmontessori.hu\/index.php?rest_route=\/wp\/v2\/posts\/31\/revisions\/39"}],"wp:featuredmedia":[{"embeddable":true,"href":"https:\/\/www.martiandmontessori.hu\/index.php?rest_route=\/wp\/v2\/media\/35"}],"wp:attachment":[{"href":"https:\/\/www.martiandmontessori.hu\/index.php?rest_route=%2Fwp%2Fv2%2Fmedia&parent=31"}],"wp:term":[{"taxonomy":"category","embeddable":true,"href":"https:\/\/www.martiandmontessori.hu\/index.php?rest_route=%2Fwp%2Fv2%2Fcategories&post=31"},{"taxonomy":"post_tag","embeddable":true,"href":"https:\/\/www.martiandmontessori.hu\/index.php?rest_route=%2Fwp%2Fv2%2Ftags&post=31"}],"curies":[{"name":"wp","href":"https:\/\/api.w.org\/{rel}","templated":true}]}}