{"id":197,"date":"2022-03-21T22:39:11","date_gmt":"2022-03-21T22:39:11","guid":{"rendered":"https:\/\/www.martiandmontessori.hu\/?p=197"},"modified":"2022-08-17T20:16:01","modified_gmt":"2022-08-17T20:16:01","slug":"a-montessori-eszkozok","status":"publish","type":"post","link":"https:\/\/www.martiandmontessori.hu\/?p=197","title":{"rendered":"A Montessori eszk\u00f6z\u00f6k"},"content":{"rendered":"\n<p class=\"has-text-align-center\">A kisgyermeket hajtja a vil\u00e1g megismer\u00e9s\u00e9nek a v\u00e1gya. Meg szeretn\u00e9 ismerni a k\u00f6r\u00fcl\u00f6tte l\u00e9v\u0151 vil\u00e1got, az egyes dolgok tulajdons\u00e1gait. Montessori \u00fagy v\u00e9lte, hogy k\u00f6rnyezet\u00fcnk t\u00e1rgyai nagyon bonyolultak. Sok tulajdons\u00e1got hordoznak \u00f6nmagukban (pl.: kiterjed\u00e9s, s\u00edk, forma, sz\u00edn, s\u00faly stb.) \u00e9s sok energi\u00e1ba ker\u00fcl a gyerekeknek ezeket a tulajdons\u00e1gokat elk\u00fcl\u00f6n\u00edteni. Munk\u00e1ja sor\u00e1n arr\u00f3l is meggy\u0151z\u0151d\u00f6tt, hogy a gyermekek saj\u00e1t tapasztalataik alapj\u00e1n tanulnak. \u00dagy gondolta, hogy nem az \u00e1tadott ismeretek mennyis\u00e9ge, hanem a k\u00e9pess\u00e9gek fejleszt\u00e9se a fontos a kisgyermekekn\u00e9l, hanem kreat\u00edv, tev\u00e9keny, probl\u00e9m\u00e1k megold\u00e1s\u00e1ra k\u00e9pes emberek nevel\u00e9se a c\u00e9l. Ez\u00e9rt alak\u00edtott ki olyan eszk\u00f6z\u00f6ket, amelyekkel val\u00f3 tev\u00e9kenyked\u00e9s sor\u00e1n a gyerekek maguk fedezhetik fel a t\u00e1rgyak tulajdons\u00e1gait. T\u00e9ved\u00e9seikre maguk j\u00f6hetnek r\u00e1. K\u00e9pess\u00e9 v\u00e1lnak az \u00f6sszef\u00fcgg\u00e9sek megl\u00e1t\u00e1s\u00e1ra, \u00e1ltal\u00e1nos\u00edt\u00e1sra, elvont gondolkod\u00e1sra.<\/p>\n\n\n\n<blockquote class=\"wp-block-quote has-text-align-center is-layout-flow wp-block-quote-is-layout-flow\"><p>&#8222;Fontos megl\u00e1tni, hogy nem az eszk\u00f6z\u00f6k adj\u00e1k Montessori pedag\u00f3gi\u00e1j\u00e1nak legf\u0151bb \u00e9rt\u00e9k\u00e9t, hanem maga a pedag\u00f3giai szeml\u00e9let, melynek az eszk\u00f6zrendszer is fontos r\u00e9sz\u00e9t k\u00e9pezi (B. M\u00e9hes, 1997)&#8221;<\/p><p><\/p><\/blockquote>\n\n\n\n<blockquote class=\"wp-block-quote has-text-align-center is-layout-flow wp-block-quote-is-layout-flow\"><p>&#8222;Az eszk\u00f6z\u00f6k alkalmaz\u00e1sa, nem c\u00e9l, hanem seg\u00edts\u00e9g a vil\u00e1g val\u00f3s, jobb megismer\u00e9s\u00e9hez, ugyanakkor sz\u00f3rakoztat\u00f3 \u00e9s \u00f6r\u00f6mteli tev\u00e9kenyked\u00e9s a gyerek sz\u00e1m\u00e1ra, j\u00f3 j\u00e1t\u00e9k (B. M\u00e9hes, 1997).&#8221; <\/p><\/blockquote>\n\n\n\n<p><\/p>\n\n\n\n<p class=\"has-text-align-center\">Montessori eszk\u00f6zei egyszerre fejlesztik a mozg\u00e1st, \u00e9rz\u00e9kel\u00e9st, intelligenci\u00e1t \u00e9s \u00e9p\u00edtik a gyermek szem\u00e9lyis\u00e9g\u00e9t.<\/p>\n\n\n\n<p class=\"has-text-align-center\">Montessori eszk\u00f6zeit fejleszt\u00e9si ter\u00fcletekre osztva \u00f6t eszk\u00f6zcsoportot hozott l\u00e9tre.<\/p>\n\n\n\n<p><\/p>\n\n\n\n<ol class=\"wp-block-list\"><li><a href=\"https:\/\/www.martiandmontessori.hu\/?p=271\">Mindennapi \u00e9let eszk\u00f6zei<\/a><\/li><li>\u00c9rz\u00e9kszervek fejleszt\u00e9s\u00e9nek eszk\u00f6zei<\/li><li>Nyelvi nevel\u00e9s eszk\u00f6zei<\/li><li>Matematikai nevel\u00e9s eszk\u00f6zei<\/li><li>Kozmikus nevel\u00e9s eszk\u00f6zei<\/li><\/ol>\n\n\n\n<p class=\"has-text-align-center\">Az eszk\u00f6z\u00f6k kialak\u00edt\u00e1sa sor\u00e1n 5 tulajdons\u00e1got tartott fontosnak Montessori.<\/p>\n\n\n\n<ol class=\"wp-block-list\"><li>Minden eszk\u00f6z legyen eszt\u00e9tikus, a gyermek sz\u00e1m\u00e1ra vonz\u00f3, figyelemfelkelt\u0151<\/li><li>Hordozza mag\u00e1ban a hibaellen\u0151rz\u00e9s\/\u00f6nellen\u0151rz\u00e9s lehet\u0151s\u00e9g\u00e9t. Ez el\u0151seg\u00edti, hogy a gyermek \u00e1tgondoltan, kritikusan, nagy figyelemmel v\u00e9gezze a munk\u00e1j\u00e1t.<\/li><li>Aktivit\u00e1sra serkent. Olyan eszk\u00f6z, mellyel a gyermek maga tev\u00e9kenykedhet, k\u00eds\u00e9rletezhet.<\/li><li>Hat\u00e1rokat k\u00e9pez. Seg\u00edt rendezni azokat az ingereket, tapasztalatokat, melyeket k\u00f6rnyezet\u00e9b\u0151l kapott.<\/li><\/ol>\n","protected":false},"excerpt":{"rendered":"<p>A kisgyermeket hajtja a vil\u00e1g megismer\u00e9s\u00e9nek a v\u00e1gya. Meg szeretn\u00e9 ismerni a k\u00f6r\u00fcl\u00f6tte l\u00e9v\u0151 vil\u00e1got, az egyes dolgok tulajdons\u00e1gait. Montessori \u00fagy v\u00e9lte, hogy&hellip;<\/p>\n","protected":false},"author":1,"featured_media":198,"comment_status":"closed","ping_status":"closed","sticky":false,"template":"","format":"standard","meta":{"footnotes":""},"categories":[20],"tags":[],"class_list":["post-197","post","type-post","status-publish","format-standard","has-post-thumbnail","hentry","category-az-elokeszitett-kornyezet"],"_links":{"self":[{"href":"https:\/\/www.martiandmontessori.hu\/index.php?rest_route=\/wp\/v2\/posts\/197","targetHints":{"allow":["GET"]}}],"collection":[{"href":"https:\/\/www.martiandmontessori.hu\/index.php?rest_route=\/wp\/v2\/posts"}],"about":[{"href":"https:\/\/www.martiandmontessori.hu\/index.php?rest_route=\/wp\/v2\/types\/post"}],"author":[{"embeddable":true,"href":"https:\/\/www.martiandmontessori.hu\/index.php?rest_route=\/wp\/v2\/users\/1"}],"replies":[{"embeddable":true,"href":"https:\/\/www.martiandmontessori.hu\/index.php?rest_route=%2Fwp%2Fv2%2Fcomments&post=197"}],"version-history":[{"count":5,"href":"https:\/\/www.martiandmontessori.hu\/index.php?rest_route=\/wp\/v2\/posts\/197\/revisions"}],"predecessor-version":[{"id":409,"href":"https:\/\/www.martiandmontessori.hu\/index.php?rest_route=\/wp\/v2\/posts\/197\/revisions\/409"}],"wp:featuredmedia":[{"embeddable":true,"href":"https:\/\/www.martiandmontessori.hu\/index.php?rest_route=\/wp\/v2\/media\/198"}],"wp:attachment":[{"href":"https:\/\/www.martiandmontessori.hu\/index.php?rest_route=%2Fwp%2Fv2%2Fmedia&parent=197"}],"wp:term":[{"taxonomy":"category","embeddable":true,"href":"https:\/\/www.martiandmontessori.hu\/index.php?rest_route=%2Fwp%2Fv2%2Fcategories&post=197"},{"taxonomy":"post_tag","embeddable":true,"href":"https:\/\/www.martiandmontessori.hu\/index.php?rest_route=%2Fwp%2Fv2%2Ftags&post=197"}],"curies":[{"name":"wp","href":"https:\/\/api.w.org\/{rel}","templated":true}]}}