{"id":184,"date":"2022-03-19T12:38:11","date_gmt":"2022-03-19T12:38:11","guid":{"rendered":"https:\/\/www.martiandmontessori.hu\/?p=184"},"modified":"2022-03-19T12:56:42","modified_gmt":"2022-03-19T12:56:42","slug":"az-elokeszitett-kornyezet-fontossaga","status":"publish","type":"post","link":"https:\/\/www.martiandmontessori.hu\/?p=184","title":{"rendered":"Az el\u0151k\u00e9sz\u00edtett k\u00f6rnyezet fontoss\u00e1ga"},"content":{"rendered":"\n<blockquote class=\"wp-block-quote has-text-align-center is-layout-flow wp-block-quote-is-layout-flow\"><p>&#8222;A gyermek fejl\u0151d\u00e9s\u00e9nek szabads\u00e1ga nem azt jelenti, hogy egyszer\u0171en mag\u00e1ra hagyjuk a gyermeket, hanem azt, hogy seg\u00edt\u0151 szeretettel emelj\u00fck k\u00f6r\u00e9je a megfelel\u0151 k\u00f6rnyezetet. Min\u00e9l t\u00f6k\u00e9letesebb a k\u00f6rnyezete, ann\u00e1l kevesebb beavatkoz\u00e1sra van sz\u00fcks\u00e9g a feln\u0151tt r\u00e9sz\u00e9r\u0151l.&#8221;<br>\/Maria Montessori\/<\/p><\/blockquote>\n\n\n\n<p class=\"has-text-align-center\">A blogon m\u00e1r eml\u00edt\u00e9sre ker\u00fclt &#8222;az el\u0151k\u00e9sz\u00edtett k\u00f6rnyezet&#8221; fogalma. Ebben a cikkben egy r\u00f6vid \u00f6sszefoglal\u00f3t, bevezet\u0151t tal\u00e1lsz arr\u00f3l, milyen reformokat vezetett be Maria Montessori a gyermeknevel\u00e9si\/oktat\u00e1si int\u00e9zm\u00e9nyekben. Ezek k\u00f6z\u00fcl ma m\u00e1r nagyon sok alapvet\u0151 \u00e9s term\u00e9szetes sz\u00e1munkra pl.: kism\u00e9ret\u0171 b\u00fatorok, de vannak, melyek a mai napig kiz\u00e1r\u00f3lag a Montessori int\u00e9zm\u00e9nyek saj\u00e1toss\u00e1gai (pl.: kis sz\u0151nyegek, Montessori eszk\u00f6z\u00f6k).<\/p>\n\n\n\n<p class=\"has-text-align-center\">Maria Montessori pedag\u00f3gi\u00e1ja a gyermek megfigyel\u00e9s\u00e9n alapul. A gyermeket \u00f6n\u00e1ll\u00f3v\u00e1, a feln\u0151ttekt\u0151l f\u00fcggetlen szem\u00e9lyekk\u00e9 akarja tenni. Ehhez egy olyan k\u00f6rnyezet kialak\u00edt\u00e1sa sz\u00fcks\u00e9ges, ahol a gyermekek szabadon tev\u00e9kenykedhetnek \u00e9s min\u00e9l kevesebb seg\u00edts\u00e9gre legyen sz\u00fcks\u00e9g\u00fck a feln\u0151ttek r\u00e9sz\u00e9r\u0151l. A megfelel\u0151en kialak\u00edtott k\u00f6rnyezetben a gyermekeknek lehet\u0151s\u00e9ge ny\u00edlik a spont\u00e1n cselekv\u00e9sre. Csak ilyen k\u00f6rnyezetben tanulja meg a gyermek saj\u00e1t sz\u00fcks\u00e9gleteit felismerni, \u00edgy tudnak a gyermek jellemz\u0151 von\u00e1sai, egy\u00e9ni jellemz\u0151i megnyilv\u00e1nulni. Ez a szeml\u00e9let vezette Montessorit arra, hogy az \u00f3vod\u00e1kba bevezesse a gyermekm\u00e9ret\u0171 b\u00fatorokat, berendez\u00e9seket.<\/p>\n\n\n\n<p class=\"has-text-align-center\"><em>&#8222;V\u00e9lem\u00e9nye szerint teh\u00e1t alapfeladat, olyan k\u00f6rnyezet l\u00e9trehoz\u00e1sa, amely a gyerekeket min\u00e9l t\u00f6bb \u00f6r\u00f6met ny\u00fajt\u00f3, \u00e9letkoruknak megfelel\u0151 \u00e9s egyben k\u00e9pess\u00e9geiket fejleszt\u0151 tev\u00e9kenys\u00e9gre motiv\u00e1lja (B. M\u00e9hes Vera).&#8221;<\/em><\/p>\n\n\n\n<p class=\"has-text-align-center\">Montessori kis, gyermekm\u00e9ret\u0171 asztalokat gy\u00e1rtott, melyek ugyanakkor k\u00f6nny\u0171ek is voltak, hogy azokat k\u00e9t kisgyermek k\u00f6nnyed\u00e9n arr\u00e9bb tudta tenni. Kis, gyermekm\u00e9ret\u0171 mosd\u00f3kat helyezett el az int\u00e9zm\u00e9nyben. A nagy, z\u00e1rt, feln\u0151tt m\u00e9ret\u0171 szekr\u00e9nyek helyett, alacsony, nyitott j\u00e1t\u00e9kpolcok ker\u00fcltek a termekbe. Ezeken a polcokon kaptak helyet a didaktikai eszk\u00f6z\u00f6k, melyeket a gyermekek szabadon, b\u00e1rmikor levehettek a polcr\u00f3l. A szob\u00e1ban egy fa\u00e1llv\u00e1nyon kis sz\u0151nyegek helyezkednek el. Ezeket a gyermekek szabadon el\u0151vehetik, kitekerhetik a f\u00f6ld\u00f6n, hogy a v\u00e1lasztott j\u00e1t\u00e9kkal\/eszk\u00f6zzel j\u00e1tszanak\/tev\u00e9kenykedjenek. A sz\u0151nyeg kiterjed\u00e9se megmutatja nekik, mekkora hely\u00fck van a j\u00e1t\u00e9kra, seg\u00edt abban, hogy a j\u00e1t\u00e9kok ne sz\u00f3r\u00f3djanak sz\u00e9t. A t\u00f6bbi gyermek sz\u00e1m\u00e1ra pedig azt jelzi, hogy az adott j\u00e1t\u00e9kkal \u00e9ppen j\u00e1tszik valaki. Term\u00e9szetesen lehet csatlakozni egy m\u00e1r a sz\u0151nyegen j\u00e1tsz\u00f3 gyermekhez, t\u00f6bben is j\u00e1tszhatnak egy-egy sz\u0151nyegen, ha ez mindenkinek megfelel\u0151 \u00edgy. \u00c1ltal\u00e1noss\u00e1gban viszont a csoportos munka a kisiskol\u00e1s koroszt\u00e1lyra jellemz\u0151. A 3-6 \u00e9ves gyermek \u00e9letkori feladata &#8222;\u00f6nmag\u00e1t fel\u00e9p\u00edteni&#8221;. Montessori sz\u00ednesceruz\u00e1kat, szersz\u00e1mokat, h\u00e1ztart\u00e1si eszk\u00f6z\u00f6ket helyezett el a polcokon. A falakra a gyermekek szemmagass\u00e1g\u00e1ban k\u00e9peket helyezett el (ez is term\u00e9szetesnek t\u0171nik, de sajnos a hagyom\u00e1nyos \u00f3vod\u00e1kban a mai napig nagyon magasan vannak a k\u00e9pek, dekor\u00e1ci\u00f3k). Vir\u00e1gok, szoban\u00f6v\u00e9nyek, kis\u00e1llatok is ker\u00fcltek a csoportszob\u00e1kba, melyeket a gyermekek gondozhattak. A gyermekek h\u00e1z\u00e1ban \u00e9s k\u00e9s\u0151bb, amelyik Montessori int\u00e9zm\u00e9nyben csak lehet\u0151s\u00e9g volt r\u00e1, kis kertet hoztak l\u00e9tre, melyeket a gyermekek maguk m\u0171veltek.<\/p>\n\n\n\n<p class=\"has-text-align-center\">A szob\u00e1kban nem csak didaktikai eszk\u00f6z\u00f6k, hanem a mindennapi \u00e9let eszk\u00f6zei, val\u00f3di haszn\u00e1lati t\u00e1rgyak: sepr\u0171k, rongyok, cip\u0151tiszt\u00edt\u00f3 kef\u00e9k stb. \u00e1lltak a gyermekek rendelkez\u00e9s\u00e9re. Ezek a t\u00e1rgyak olyan tev\u00e9kenys\u00e9gekre \u00f6szt\u00f6nzik a gyermekeket, melyeknek praktikus c\u00e9ljuk van. Ezekkel a feladatokkal a gyermekek \u00fcgyesednek, fejl\u0151dik jellem\u00fck, t\u00fcrelm\u00fck \u00e9s kitart\u00e1suk.<\/p>\n\n\n\n<p class=\"has-text-align-center\">A pedag\u00f3gusnak kezdetben seg\u00edtenie kell a gyermeket az eszk\u00f6zv\u00e1laszt\u00e1sban. Meg kell tan\u00edtania annak helyes haszn\u00e1lat\u00e1ra, arra, hogy az eszk\u00f6z\u00f6kre, berendez\u00e9si t\u00e1rgyakra \u00e9pp\u00fagy vigy\u00e1zni kell, mint t\u00e1rsaikra. R\u00f6vid id\u0151 ut\u00e1n a gyermek megszokja, megismeri a k\u00f6rnyezet\u00e9t \u00e9s szabadon tev\u00e9kenykedik abban.<\/p>\n\n\n\n<p class=\"has-text-align-center\">A k\u00f6vetkez\u0151kben konkr\u00e9tan bemutatom az 5 eszk\u00f6zcsoportot \u00e9s az azokat alkot\u00f3 eszk\u00f6z\u00f6ket, amiket maga Maria Montessori fejlesztett ki. <\/p>\n\n\n\n<p>Forr\u00e1s: <\/p>\n\n\n\n<p>B.M\u00e9hes Vera: Montessori pedag\u00f3gia rendszere \u00e9s alkalmaz\u00e1sa az \u00f3vod\u00e1ban<\/p>\n\n\n\n<p>Maria Montessori: A gyermek felfedez\u00e9se<\/p>\n","protected":false},"excerpt":{"rendered":"<p>&#8222;A gyermek fejl\u0151d\u00e9s\u00e9nek szabads\u00e1ga nem azt jelenti, hogy egyszer\u0171en mag\u00e1ra hagyjuk a gyermeket, hanem azt, hogy seg\u00edt\u0151 szeretettel emelj\u00fck k\u00f6r\u00e9je a megfelel\u0151 k\u00f6rnyezetet.&hellip;<\/p>\n","protected":false},"author":1,"featured_media":181,"comment_status":"closed","ping_status":"closed","sticky":false,"template":"","format":"standard","meta":{"footnotes":""},"categories":[20],"tags":[],"class_list":["post-184","post","type-post","status-publish","format-standard","has-post-thumbnail","hentry","category-az-elokeszitett-kornyezet"],"_links":{"self":[{"href":"https:\/\/www.martiandmontessori.hu\/index.php?rest_route=\/wp\/v2\/posts\/184","targetHints":{"allow":["GET"]}}],"collection":[{"href":"https:\/\/www.martiandmontessori.hu\/index.php?rest_route=\/wp\/v2\/posts"}],"about":[{"href":"https:\/\/www.martiandmontessori.hu\/index.php?rest_route=\/wp\/v2\/types\/post"}],"author":[{"embeddable":true,"href":"https:\/\/www.martiandmontessori.hu\/index.php?rest_route=\/wp\/v2\/users\/1"}],"replies":[{"embeddable":true,"href":"https:\/\/www.martiandmontessori.hu\/index.php?rest_route=%2Fwp%2Fv2%2Fcomments&post=184"}],"version-history":[{"count":2,"href":"https:\/\/www.martiandmontessori.hu\/index.php?rest_route=\/wp\/v2\/posts\/184\/revisions"}],"predecessor-version":[{"id":187,"href":"https:\/\/www.martiandmontessori.hu\/index.php?rest_route=\/wp\/v2\/posts\/184\/revisions\/187"}],"wp:featuredmedia":[{"embeddable":true,"href":"https:\/\/www.martiandmontessori.hu\/index.php?rest_route=\/wp\/v2\/media\/181"}],"wp:attachment":[{"href":"https:\/\/www.martiandmontessori.hu\/index.php?rest_route=%2Fwp%2Fv2%2Fmedia&parent=184"}],"wp:term":[{"taxonomy":"category","embeddable":true,"href":"https:\/\/www.martiandmontessori.hu\/index.php?rest_route=%2Fwp%2Fv2%2Fcategories&post=184"},{"taxonomy":"post_tag","embeddable":true,"href":"https:\/\/www.martiandmontessori.hu\/index.php?rest_route=%2Fwp%2Fv2%2Ftags&post=184"}],"curies":[{"name":"wp","href":"https:\/\/api.w.org\/{rel}","templated":true}]}}