{"id":172,"date":"2022-03-13T19:15:14","date_gmt":"2022-03-13T19:15:14","guid":{"rendered":"https:\/\/www.martiandmontessori.hu\/?p=172"},"modified":"2022-03-13T19:15:15","modified_gmt":"2022-03-13T19:15:15","slug":"a-montessori-pedagogus-2","status":"publish","type":"post","link":"https:\/\/www.martiandmontessori.hu\/?p=172","title":{"rendered":"A Montessori pedag\u00f3gus 2."},"content":{"rendered":"\n<p class=\"has-text-align-center\">El\u0151z\u0151 cikkemben sok id\u00e9zettel al\u00e1t\u00e1masztva mutattam be a Montessori pedag\u00f3gus hozz\u00e1\u00e1ll\u00e1s\u00e1t, attit\u0171dj\u00e9t. Rem\u00e9lem ezzel siker\u00fclt k\u00f6zelebb vinnem minden olvas\u00f3t a Montessori pedag\u00f3gia szeml\u00e9let\u00e9hez.<\/p>\n\n\n\n<p class=\"has-text-align-center\">Ebben a cikkben kicsit jobban k\u00f6zel\u00edtek a pedag\u00f3gus konkr\u00e9t feladataihoz, hogy ez a szeml\u00e9let meg is tudjon val\u00f3sulni egy Montessori csoportban\/oszt\u00e1lyban.<\/p>\n\n\n\n<p class=\"has-text-align-center\">Szint\u00e9n fogok id\u00e9zni Maria Montessori &#8222;A gyermek felfedez\u00e9se&#8221; c. m\u0171v\u00e9b\u0151l, mely egyike Montessori azon kev\u00e9s m\u0171v\u00e9nek, ami magyarul is el\u00e9rhet\u0151.<\/p>\n\n\n\n<p><\/p>\n\n\n\n<p class=\"has-text-align-center has-medium-font-size\"><strong>1.<br>Meg kell tanulnia az &#8222;akt\u00edv feladat&#8221; k\u00f6zvet\u00edt\u00e9s\u00e9t a gyerek \u00e9s az eszk\u00f6z k\u00f6z\u00f6tt<\/strong><\/p>\n\n\n\n<p class=\"has-text-align-center\"><em>&#8222;A pedag\u00f3gusnak helyesen kell kiv\u00e1lasztania a megfelel\u0151 eszk\u00f6zt, \u00e9s \u00fagy felk\u00edn\u00e1lnia, hogy meg\u00e9rt\u00e9sre tal\u00e1ljon, \u00e9l\u00e9nk \u00e9rdekl\u0151d\u00e9st keltsen.&#8221;<\/em><\/p>\n\n\n\n<p class=\"has-text-align-center\"><em>&#8222;Pontosan meg kell tanulnia k\u00eds\u00e9rletileg meghat\u00e1rozott technik\u00e1kat, az eszk\u00f6z\u00f6k bemutat\u00e1s\u00e1t. A pedag\u00f3gus k\u00e9pz\u00e9se f\u0151k\u00e9pp ezekre ir\u00e1nyul.&#8221;<\/em><\/p>\n\n\n\n<p class=\"has-text-align-center\"><em>&#8222;Elm\u00e9letben megtanulhat n\u00e9h\u00e1ny alapelvet, amely hasznos lehet a gyakorlatban val\u00f3 t\u00e1j\u00e9koz\u00f3d\u00e1shoz, de csak gyakorlat \u00fatj\u00e1n saj\u00e1t\u00edthatja el azt a k\u00e9nyes feladatot, hogy k\u00fcl\u00f6nb\u00f6z\u0151 egy\u00e9nis\u00e9gekkel egym\u00e1st\u00f3l elt\u00e9r\u0151 m\u00f3don tudjon b\u00e1nni. A fejlettebb gyerekeket ne tartsa vissza egy\u00e9ni k\u00e9pess\u00e9geikhez m\u00e9rten m\u00e1r t\u00fal egyszer\u0171 \u00e9s megunt eszk\u00f6z\u00f6kkel. Nem szabad viszont olyan eszk\u00f6z\u00f6ket felaj\u00e1nlania, amelyeket a gyerekek m\u00e9g nem tudnak \u00e9rt\u00e9kelni.&#8221;<\/em><\/p>\n\n\n\n<p><\/p>\n\n\n\n<p class=\"has-text-align-center has-medium-font-size\"><strong>2.<\/strong><br><strong>Az eszk\u00f6z\u00f6k ismerete<\/strong><\/p>\n\n\n\n<p class=\"has-text-align-center\">Egy Montessori pedag\u00f3gusnak nagyon sok energi\u00e1t kell fektetnie abba, hogy a Montessori eszk\u00f6z\u00f6ket megismerje. Nem el\u00e9g k\u00f6nyvb\u0151l vagy egy m\u00e1sik pedag\u00f3gus bemutat\u00f3ja alapj\u00e1n megtanulnia haszn\u00e1latukat \u00e9s c\u00e9ljukat. Saj\u00e1t maga kell, hogy gyakoroljon ezekkel az eszk\u00f6z\u00f6kkel. Tapasztalati \u00faton kell, hogy felm\u00e9rje a neh\u00e9zs\u00e9geket \u00e9s az \u00e9rdekess\u00e9geket, melyeket az eszk\u00f6z\u00f6k a gyerekeknek ny\u00fajthatnak. Elemeznie kell mindenfajta benyom\u00e1st, melyeket a gyerek kaphat.<\/p>\n\n\n\n<p class=\"has-text-align-center\"><em>&#8222;Ha a pedag\u00f3gusnak van annyi t\u00fcrelme a gyakorlatok ism\u00e9tl\u00e9s\u00e9hez, mint egy gyereknek, akkor saj\u00e1t mag\u00e1n lem\u00e9rheti azt az energi\u00e1t \u00e9s kitart\u00e1st, amelyre a gyerek egy bizonyos \u00e9letkorban k\u00e9pes. \u00cdgy az egyes eszk\u00f6z\u00f6ket fokozatuknak megfelel\u0151en csoportos\u00edthatja, kipr\u00f3b\u00e1lhatja, hogy a k\u00fcl\u00f6nb\u00f6z\u0151 \u00e9letkorokban milyen aktivit\u00e1st tud kifejteni a gyerek.&#8221;<\/em><\/p>\n\n\n\n<p><\/p>\n\n\n\n<p class=\"has-text-align-center has-medium-font-size\"><strong>3.<\/strong><br><strong>A rend fenntart\u00e1sa<\/strong><\/p>\n\n\n\n<p class=\"has-text-align-center\"><em>&#8222;A pedag\u00f3gus a gyereket nemcsak a k\u00f6rnyezettel, hanem annak rendj\u00e9vel is megismerteti. Teh\u00e1t al\u00e1 kell vetnie mag\u00e1t bizonyos szab\u00e1lyoknak. A j\u00f3l szervezett fegyelem a nyugodt munka biztos\u00edt\u00e1s\u00e1nak alapja.&#8221;<\/em><\/p>\n\n\n\n<p class=\"has-text-align-center\" id=\"hum\u00e1n-tendenci\u00e1k\">Fontos, hogy minden eszk\u00f6znek legyen egy \u00e1lland\u00f3, meghat\u00e1rozott helye, ahol megtal\u00e1lhat\u00f3. Ha b\u00e1rmit v\u00e1ltoztatunk a csoportszob\u00e1ban\/teremben MINDEN ESETBEN besz\u00e9lj\u00fck meg a gyerekekkel, mert bezavarhatja \u0151ket. <a href=\"https:\/\/www.martiandmontessori.hu\/?p=136\">A t\u00e1j\u00e9koz\u00f3d\u00e1s \u00e9s a rend alapvet\u0151 hum\u00e1n tendenci\u00e1k!<\/a><\/p>\n\n\n\n<p class=\"has-text-align-center\">A gyerekeknek is ugyanarra megadott helyre kell elpakolnia a j\u00e1t\u00e9k\u00e1t. A hagyom\u00e1nyos Montessori csoportokban\/oszt\u00e1lyokban minden eszk\u00f6zb\u0151l egy darab van, \u00edgy a gyerekeknek meg kell tanulnia t\u00fcrelmesnek lennie, megv\u00e1rnia mire \u00fajra szabad lesz az eszk\u00f6z. Egyes eszk\u00f6z\u00f6knek viszont k\u00fcl\u00f6nb\u00f6z\u0151 vari\u00e1ci\u00f3i megtal\u00e1lhat\u00f3k a csoportban\/teremben pl.: a mindennapi \u00e9let eszk\u00f6zei k\u00f6z\u00fcl t\u00f6bb kanalaz\u00f3s (k\u00fcl\u00f6nb\u00f6z\u0151 fajta magok) vagy ott vannak az \u00f6lt\u00f6ztet\u0151 keretek k\u00fcl\u00f6nb\u00f6z\u0151 technik\u00e1kkal (cipz\u00e1r, gomb, csatt). <\/p>\n\n\n\n<p><\/p>\n\n\n\n<p class=\"has-text-align-center has-medium-font-size\"><strong>4.<br>Fel\u00fcgyelet<\/strong><\/p>\n\n\n\n<p class=\"has-text-align-center\"><em>&#8222;A pedag\u00f3gus  \u00fcgyel arra, hogy a munk\u00e1j\u00e1ban elm\u00e9ly\u00fclt gyereket a m\u00e1sik ne zavarja. A koncentr\u00e1lt munka, &#8222;\u0151rz\u0151 angyal\u00e1nak&#8221; tiszts\u00e9ge egyike a pedag\u00f3gus legmagasztosabb feladatainak.&#8221;<\/em><\/p>\n\n\n\n<p><\/p>\n\n\n\n<p class=\"has-text-align-center has-medium-font-size\"><strong>5.<br>Feladatok<\/strong><\/p>\n\n\n\n<p class=\"has-text-align-center\">A pedag\u00f3gusnak feladata a gyermekek eszk\u00f6zhaszn\u00e1lat\u00e1nak ir\u00e1ny\u00edt\u00e1sa. Ennek kett\u0151 szakasz\u00e1t k\u00fcl\u00f6nb\u00f6ztetj\u00fck meg.<\/p>\n\n\n\n<p class=\"has-text-align-center\">Els\u0151 szakasz-bevezet\u0151 szakasz:<\/p>\n\n\n\n<p class=\"has-text-align-center\">A pedag\u00f3gus megismerteti a gyermeket az eszk\u00f6zzel, megmutatja annak haszn\u00e1lat\u00e1t.<\/p>\n\n\n\n<p class=\"has-text-align-center\">M\u00e1sodik szakasz:<\/p>\n\n\n\n<p class=\"has-text-align-center\">Ha \u00fagy l\u00e1tja a pedag\u00f3gus, hogy a gyermek az eszk\u00f6zzel val\u00f3 spont\u00e1n gyakorl\u00e1s r\u00e9v\u00e9n m\u00e1r sikeresen felfedezte a k\u00fcl\u00f6nbs\u00e9geket a t\u00e1rgyak k\u00f6z\u00f6tt, fel tudja m\u00e9rni a gyermek spont\u00e1n szerzett ismereteit \u00e9s megtan\u00edtja az \u00e9szlelt k\u00fcl\u00f6nbs\u00e9gek megfelel\u0151 kifejez\u00e9seit.<\/p>\n\n\n\n<p><\/p>\n\n\n\n<p class=\"has-text-align-center\">Ezekr\u0151l a szakaszokr\u00f3l \u00e9s a h\u00e1roml\u00e9pcs\u0151s leck\u00e9r\u0151l is b\u0151vebben lesz sz\u00f3 a tov\u00e1bbiakban. <\/p>\n","protected":false},"excerpt":{"rendered":"<p>El\u0151z\u0151 cikkemben sok id\u00e9zettel al\u00e1t\u00e1masztva mutattam be a Montessori pedag\u00f3gus hozz\u00e1\u00e1ll\u00e1s\u00e1t, attit\u0171dj\u00e9t. Rem\u00e9lem ezzel siker\u00fclt k\u00f6zelebb vinnem minden olvas\u00f3t a Montessori pedag\u00f3gia szeml\u00e9let\u00e9hez.&hellip;<\/p>\n","protected":false},"author":1,"featured_media":167,"comment_status":"closed","ping_status":"closed","sticky":false,"template":"","format":"standard","meta":{"footnotes":""},"categories":[16],"tags":[],"class_list":["post-172","post","type-post","status-publish","format-standard","has-post-thumbnail","hentry","category-a-montessori-pedagogus"],"_links":{"self":[{"href":"https:\/\/www.martiandmontessori.hu\/index.php?rest_route=\/wp\/v2\/posts\/172","targetHints":{"allow":["GET"]}}],"collection":[{"href":"https:\/\/www.martiandmontessori.hu\/index.php?rest_route=\/wp\/v2\/posts"}],"about":[{"href":"https:\/\/www.martiandmontessori.hu\/index.php?rest_route=\/wp\/v2\/types\/post"}],"author":[{"embeddable":true,"href":"https:\/\/www.martiandmontessori.hu\/index.php?rest_route=\/wp\/v2\/users\/1"}],"replies":[{"embeddable":true,"href":"https:\/\/www.martiandmontessori.hu\/index.php?rest_route=%2Fwp%2Fv2%2Fcomments&post=172"}],"version-history":[{"count":1,"href":"https:\/\/www.martiandmontessori.hu\/index.php?rest_route=\/wp\/v2\/posts\/172\/revisions"}],"predecessor-version":[{"id":174,"href":"https:\/\/www.martiandmontessori.hu\/index.php?rest_route=\/wp\/v2\/posts\/172\/revisions\/174"}],"wp:featuredmedia":[{"embeddable":true,"href":"https:\/\/www.martiandmontessori.hu\/index.php?rest_route=\/wp\/v2\/media\/167"}],"wp:attachment":[{"href":"https:\/\/www.martiandmontessori.hu\/index.php?rest_route=%2Fwp%2Fv2%2Fmedia&parent=172"}],"wp:term":[{"taxonomy":"category","embeddable":true,"href":"https:\/\/www.martiandmontessori.hu\/index.php?rest_route=%2Fwp%2Fv2%2Fcategories&post=172"},{"taxonomy":"post_tag","embeddable":true,"href":"https:\/\/www.martiandmontessori.hu\/index.php?rest_route=%2Fwp%2Fv2%2Ftags&post=172"}],"curies":[{"name":"wp","href":"https:\/\/api.w.org\/{rel}","templated":true}]}}