{"id":157,"date":"2022-03-08T22:25:15","date_gmt":"2022-03-08T22:25:15","guid":{"rendered":"https:\/\/www.martiandmontessori.hu\/?p=157"},"modified":"2022-03-08T22:25:16","modified_gmt":"2022-03-08T22:25:16","slug":"laura-baldini-a-tanitono-2-resz","status":"publish","type":"post","link":"https:\/\/www.martiandmontessori.hu\/?p=157","title":{"rendered":"Laura Baldini: A tan\u00edt\u00f3n\u0151 2. r\u00e9sz"},"content":{"rendered":"\n<p><strong>R\u00f3ma, 1895 \u0151sze<\/strong><\/p>\n\n\n\n<p>Maria szok\u00e1sa szerint utols\u00f3k\u00e9nt megy be az el\u0151ad\u00f3 terembe, a soron k\u00f6vetkez\u0151 el\u0151ad\u00e1s\u00e1ra. L\u00e9v\u00e9n, hogy n\u0151 volt, meg kellett v\u00e1rnia, m\u00edg mindannyian le\u00fclnek a teremben. Gyakran gunyoros megjegyz\u00e9seket kapott, melyeknek oka nem az volt csup\u00e1n, hogy \u0151 egy n\u0151 \u00e9s orvosnak k\u00e9sz\u00fcl, hanem \u00e9vfolyamels\u0151 is volt \u00e9s emiatt gyakran irigykedve tekintettek r\u00e1.<\/p>\n\n\n\n<p>Mikor teh\u00e1t bel\u00e9pett a terembe Bartolotti professzor mogorv\u00e1n, jegyzeteib\u0151l f\u00f6l se n\u00e9zve odab\u00f6kte Marianak, hogy \u00f3ra ut\u00e1n jelenjen meg az irod\u00e1j\u00e1ban. Maria ezek ut\u00e1n alig b\u00edrt figyelni az el\u0151ad\u00e1s anyag\u00e1ra, folyton azon t\u00f6rte a fej\u00e9t, mi\u00e9rt h\u00edvatja \u0151t a professzor.<\/p>\n\n\n\n<p>Az el\u0151ad\u00e1s ut\u00e1n a professzor megh\u00edvta Mariat egy k\u00e1v\u00e9ra az irod\u00e1j\u00e1ba, elmondta Montessorinak, hogy k\u00e9t \u00e1ll\u00e1sra is szeretn\u00e9k felk\u00e9rni, mindkett\u0151re \u0151 maga aj\u00e1nlotta be. Azt is hozz\u00e1tette, k\u00edv\u00e1ncsian v\u00e1rja milyen szakmai \u00faj\u00edt\u00e1sokkal, felfedez\u00e9sekkel fogja meglepni a vil\u00e1got. Maria szava elakadt. Sokan g\u00fanyolt\u00e1k \u0151t az egyetemen, t\u00f6bbek k\u00f6z\u00f6tt Bartolotti professzor is ellenezte azt, hogy n\u0151k\u00e9nt elkezdje az orvosi tanulm\u00e1nyait.<\/p>\n\n\n\n<blockquote class=\"wp-block-quote is-style-large is-layout-flow wp-block-quote-is-layout-flow\"><p>&#8222;Na, h\u00e1t ide b\u00fajtak &#8211; mondta el\u00e9gedetten, \u00e9s k\u00e9t bor\u00edt\u00e9kot ny\u00fajtott \u00e1t Mari\u00e1nak. &#8211; Ezek bel\u00e9p\u0151k hivat\u00e1sunk vil\u00e1g\u00e1ba. B\u00e1r m\u00e9g nem k\u00e9sz dottoressa, de m\u00e1r most meg merem j\u00f3solni, hogy sz\u00e1mos \u00faj gondolattal fogja gazdag\u00edtani a tudom\u00e1ny vil\u00e1g\u00e1t.&#8221;<\/p><\/blockquote>\n\n\n\n<p>A fejezet m\u00e1sodik fele Mari\u00e1t egy m\u00e1sik \u00e9lethelyzet\u00e9ben mutatja be. Ann\u00e1val tal\u00e1lkozik, aki a legjobb bar\u00e1tn\u0151je. Anna Londonban \u00e9s P\u00e1rizsban is t\u00f6lt\u00f6tt hosszabb id\u0151szakokat kor\u00e1bban, most viszont mindketten R\u00f3m\u00e1ban \u00e9ltek. A kapcsolatot viszont mindv\u00e9gig tartott\u00e1k lev\u00e9lben. Maria \u00e9s Anna k\u00e9t mer\u0151ben ellent\u00e9tes szem\u00e9lyis\u00e9g. Anna akt\u00edv t\u00e1rsas\u00e1gi \u00e9s kultur\u00e1lis \u00e9letet \u00e9l, Maria minden energi\u00e1j\u00e1t \u00e9s idej\u00e9t a tanul\u00e1sra sz\u00e1nja.<\/p>\n\n\n\n<p>A fejezet v\u00e9g\u00e9re Ann\u00e1nak siker\u00fcl meggy\u0151znie Mari\u00e1t, hogy k\u00eds\u00e9rje el Rina Facci\u00f3hoz vacsor\u00e1ra, aki egy n\u0151i foly\u00f3iratot alap\u00edtott nemr\u00e9giben. <\/p>\n","protected":false},"excerpt":{"rendered":"<p>R\u00f3ma, 1895 \u0151sze Maria szok\u00e1sa szerint utols\u00f3k\u00e9nt megy be az el\u0151ad\u00f3 terembe, a soron k\u00f6vetkez\u0151 el\u0151ad\u00e1s\u00e1ra. L\u00e9v\u00e9n, hogy n\u0151 volt, meg kellett v\u00e1rnia,&hellip;<\/p>\n","protected":false},"author":1,"featured_media":153,"comment_status":"closed","ping_status":"closed","sticky":false,"template":"","format":"standard","meta":{"footnotes":""},"categories":[4],"tags":[],"class_list":["post-157","post","type-post","status-publish","format-standard","has-post-thumbnail","hentry","category-maria-montessori-elete-es-munkassaga"],"_links":{"self":[{"href":"https:\/\/www.martiandmontessori.hu\/index.php?rest_route=\/wp\/v2\/posts\/157","targetHints":{"allow":["GET"]}}],"collection":[{"href":"https:\/\/www.martiandmontessori.hu\/index.php?rest_route=\/wp\/v2\/posts"}],"about":[{"href":"https:\/\/www.martiandmontessori.hu\/index.php?rest_route=\/wp\/v2\/types\/post"}],"author":[{"embeddable":true,"href":"https:\/\/www.martiandmontessori.hu\/index.php?rest_route=\/wp\/v2\/users\/1"}],"replies":[{"embeddable":true,"href":"https:\/\/www.martiandmontessori.hu\/index.php?rest_route=%2Fwp%2Fv2%2Fcomments&post=157"}],"version-history":[{"count":1,"href":"https:\/\/www.martiandmontessori.hu\/index.php?rest_route=\/wp\/v2\/posts\/157\/revisions"}],"predecessor-version":[{"id":158,"href":"https:\/\/www.martiandmontessori.hu\/index.php?rest_route=\/wp\/v2\/posts\/157\/revisions\/158"}],"wp:featuredmedia":[{"embeddable":true,"href":"https:\/\/www.martiandmontessori.hu\/index.php?rest_route=\/wp\/v2\/media\/153"}],"wp:attachment":[{"href":"https:\/\/www.martiandmontessori.hu\/index.php?rest_route=%2Fwp%2Fv2%2Fmedia&parent=157"}],"wp:term":[{"taxonomy":"category","embeddable":true,"href":"https:\/\/www.martiandmontessori.hu\/index.php?rest_route=%2Fwp%2Fv2%2Fcategories&post=157"},{"taxonomy":"post_tag","embeddable":true,"href":"https:\/\/www.martiandmontessori.hu\/index.php?rest_route=%2Fwp%2Fv2%2Ftags&post=157"}],"curies":[{"name":"wp","href":"https:\/\/api.w.org\/{rel}","templated":true}]}}