{"id":149,"date":"2022-03-04T22:45:23","date_gmt":"2022-03-04T22:45:23","guid":{"rendered":"https:\/\/www.martiandmontessori.hu\/?p=149"},"modified":"2022-05-14T22:34:10","modified_gmt":"2022-05-14T22:34:10","slug":"laura-baldini-a-tanitono-1-resz","status":"publish","type":"post","link":"https:\/\/www.martiandmontessori.hu\/?p=149","title":{"rendered":"Laura Baldini: A tan\u00edt\u00f3n\u0151 1. r\u00e9sz"},"content":{"rendered":"\n<p>Kar\u00e1csonyra kaptam egy reg\u00e9nyt &#8222;Laura Baldini: A tan\u00edt\u00f3n\u0151&#8221;. Ez a reg\u00e9ny Maria Montessori \u00e9letrajzi reg\u00e9nye. Nagyon olvasm\u00e1nyos. \u00dagy gondoltam elind\u00edtok egy cikksorozatot, melyben a reg\u00e9nyr\u0151l sz\u00e1molok be kisebb szakaszonk\u00e9nt. \u00d6sszefoglal\u00f3im biztosan nem helyettes\u00edtik a reg\u00e9ny olvas\u00e1sa \u00e1ltal ny\u00fajtott \u00e9lm\u00e9nyt, de rem\u00e9lem kedvet hoz annak elolvas\u00e1s\u00e1hoz, illetve \u00f6r\u00f6mmel olvasod \u00e9s ismered meg Maria Montessori \u00e9let\u00e9t k\u00f6zelebbr\u0151l is!<\/p>\n\n\n\n<p><strong>Elmegy\u00f3gyint\u00e9zet, Ostia, R\u00f3ma mellett, 1894<\/strong><\/p>\n\n\n\n<p>Az els\u0151 fejezetben teljes m\u00e9rt\u00e9kben bele\u00e9lhetj\u00fck magunkat az Ostia kik\u0151t\u0151je melletti elmegy\u00f3gyint\u00e9zetben zajl\u00f3 esem\u00e9nyekbe, ahol a k\u00f6rny\u00e9ken \u00e9l\u0151 \u0151r\u00fclteket, nyomor\u00e9kokat k\u00fcl\u00f6n\u00edtett\u00e9k el, hogy a t\u00f6bbi embert megv\u00e9dj\u00e9k kisz\u00e1m\u00edthatatlan viselked\u00e9s\u00fckt\u0151l.<\/p>\n\n\n\n<p>Az \u00edr\u00f3 egy 8 \u00e9ves gyerekre, Luigira k\u00fcl\u00f6n\u00f6s figyelmet ford\u00edt. \u00c9rezni lehet, hogy a k\u00e9s\u0151bbiekben a reg\u00e9nyben\/Maria Montessori \u00e9let\u00e9ben val\u00f3sz\u00edn\u0171leg fontos szerepet fog kapni. Ezt a gyermeket gyakran elk\u00fcl\u00f6n\u00edtett\u00e9k a t\u00f6bbi gyerekt\u0151l, akik szint\u00e9n az elmegy\u00f3gyint\u00e9zetben \u00e9ltek \u00e9s nem ritk\u00e1n n\u00e1la fiatalabbak voltak. Luigi gyakran agressz\u00edv a feln\u0151ttekkel szemben, emiatt k\u00fcl\u00f6n\u00edtik el. Mindegyik\u00fck egy \u00fcres, ingerek n\u00e9lk\u00fcli k\u00f3rteremben \u00fcl az \u00e1gy\u00e1n \u00e9s a plafont n\u00e9zi eg\u00e9sz nap.<\/p>\n\n\n\n<p>Sz\u00f6rny\u0171 belegondolni, hogy ezeket az embereket a t\u00e1rsadalom selejtnek tekintette. El is gondolkodtatott, hogy a mai t\u00e1rsadalom hangja mit mond a k\u00fcl\u00f6nf\u00e9le rendelleness\u00e9gekkel egy\u00fctt \u00e9l\u0151 emberekr\u0151l, legyenek ak\u00e1r feln\u0151ttek, ak\u00e1r gyerekek.<\/p>\n\n\n\n<p>K\u00e9pesek vagyunk tisztelni minden egyes embert ugyanolyan m\u00f3don, m\u00e9rt\u00e9kben, f\u00fcggetlen\u00fcl att\u00f3l, hogy milyen kisebb-nagyobb rendelleness\u00e9gekkel, probl\u00e9m\u00e1kkal \u00e9l egy\u00fctt?<\/p>\n\n\n\n<p>\u00c9n hiszem, hogy minden embernek ugyan\u00fagy joga van az \u00e9letre \u00e9s m\u00e1s emberek tisztelet\u00e9re, t\u00e1mogat\u00e1s\u00e1sra, elfogad\u00e1s\u00e1ra. Hogy ez mennyire k\u00f6nny\u0171? Biztosan nem az, f\u0151leg a reg\u00e9nyben le\u00edrt elmegy\u00f3gyint\u00e9zet eseteit magam el\u00e9 k\u00e9pzelve. Mindemellett \u00fagy gondolom, hogy azzal, ha ezek mellett az emberek mellett ki tudunk \u00e1llni illetve mell\u00e9j\u00fck tudunk \u00e1llni, azzal az \u00e9letet tisztelj\u00fck, az \u00e9let mellett \u00e1llunk ki.<\/p>\n\n\n\n<p>Az \u00e9let tisztelete Maria Montessori szeml\u00e9let\u00e9ben kulcsfogalom \u00e9s \u00e9rt\u00e9k. Ebb\u0151l indul ki a pedag\u00f3gi\u00e1ja \u00e9s ez\u00e9rt gy\u00f6ny\u00f6r\u0171.<\/p>\n","protected":false},"excerpt":{"rendered":"<p>Kar\u00e1csonyra kaptam egy reg\u00e9nyt &#8222;Laura Baldini: A tan\u00edt\u00f3n\u0151&#8221;. Ez a reg\u00e9ny Maria Montessori \u00e9letrajzi reg\u00e9nye. Nagyon olvasm\u00e1nyos. \u00dagy gondoltam elind\u00edtok egy cikksorozatot, melyben&hellip;<\/p>\n","protected":false},"author":1,"featured_media":153,"comment_status":"closed","ping_status":"closed","sticky":false,"template":"","format":"standard","meta":{"footnotes":""},"categories":[4],"tags":[],"class_list":["post-149","post","type-post","status-publish","format-standard","has-post-thumbnail","hentry","category-maria-montessori-elete-es-munkassaga"],"_links":{"self":[{"href":"https:\/\/www.martiandmontessori.hu\/index.php?rest_route=\/wp\/v2\/posts\/149","targetHints":{"allow":["GET"]}}],"collection":[{"href":"https:\/\/www.martiandmontessori.hu\/index.php?rest_route=\/wp\/v2\/posts"}],"about":[{"href":"https:\/\/www.martiandmontessori.hu\/index.php?rest_route=\/wp\/v2\/types\/post"}],"author":[{"embeddable":true,"href":"https:\/\/www.martiandmontessori.hu\/index.php?rest_route=\/wp\/v2\/users\/1"}],"replies":[{"embeddable":true,"href":"https:\/\/www.martiandmontessori.hu\/index.php?rest_route=%2Fwp%2Fv2%2Fcomments&post=149"}],"version-history":[{"count":4,"href":"https:\/\/www.martiandmontessori.hu\/index.php?rest_route=\/wp\/v2\/posts\/149\/revisions"}],"predecessor-version":[{"id":210,"href":"https:\/\/www.martiandmontessori.hu\/index.php?rest_route=\/wp\/v2\/posts\/149\/revisions\/210"}],"wp:featuredmedia":[{"embeddable":true,"href":"https:\/\/www.martiandmontessori.hu\/index.php?rest_route=\/wp\/v2\/media\/153"}],"wp:attachment":[{"href":"https:\/\/www.martiandmontessori.hu\/index.php?rest_route=%2Fwp%2Fv2%2Fmedia&parent=149"}],"wp:term":[{"taxonomy":"category","embeddable":true,"href":"https:\/\/www.martiandmontessori.hu\/index.php?rest_route=%2Fwp%2Fv2%2Fcategories&post=149"},{"taxonomy":"post_tag","embeddable":true,"href":"https:\/\/www.martiandmontessori.hu\/index.php?rest_route=%2Fwp%2Fv2%2Ftags&post=149"}],"curies":[{"name":"wp","href":"https:\/\/api.w.org\/{rel}","templated":true}]}}